{"id":4717,"date":"2026-09-01T14:36:57","date_gmt":"2026-09-01T14:36:57","guid":{"rendered":"https:\/\/histambar.com\/?p=4717"},"modified":"2026-09-01T15:14:42","modified_gmt":"2026-09-01T15:14:42","slug":"magic-hortus-un-jardin-theatre-surrealiste-france","status":"publish","type":"post","link":"https:\/\/histambar.com\/en\/blog\/magic-hortus-un-jardin-theatre-surrealiste-france\/","title":{"rendered":"Magic Hortus, un jardin-th\u00e9\u00e2tre surr\u00e9aliste (France)"},"content":{"rendered":"\n<p class=\"has-medium-font-size\">C\u2019est l\u2019histoire d\u2019une partition \u00e0 quatre mains, avec deux hommes et plusieurs vies. Un homme d\u2019aujourd\u2019hui et un autre du XVII\u1d49 si\u00e8cle qui ont crois\u00e9 et emm\u00eal\u00e9 leurs destins, l\u2019un continuant le combat de l\u2019autre pour d\u00e9fendre une m\u00eame id\u00e9e.<\/p>\n\n\n\n<figure class=\"wp-block-image size-large\"><img decoding=\"async\" loading=\"lazy\" width=\"1024\" height=\"678\" src=\"https:\/\/histambar.com\/wp-content\/uploads\/2026\/09\/slider-1024x678.jpg\" alt=\"\" class=\"wp-image-4719\" srcset=\"https:\/\/histambar.com\/wp-content\/uploads\/2026\/09\/slider-1024x678.jpg 1024w, https:\/\/histambar.com\/wp-content\/uploads\/2026\/09\/slider-300x199.jpg 300w, https:\/\/histambar.com\/wp-content\/uploads\/2026\/09\/slider-768x509.jpg 768w, https:\/\/histambar.com\/wp-content\/uploads\/2026\/09\/slider-1536x1017.jpg 1536w, https:\/\/histambar.com\/wp-content\/uploads\/2026\/09\/slider-1080x715.jpg 1080w, https:\/\/histambar.com\/wp-content\/uploads\/2026\/09\/slider.jpg 2016w\" sizes=\"(max-width: 1024px) 100vw, 1024px\" \/><\/figure>\n\n\n\n<p class=\"has-medium-font-size\">Si, temporellement, pr\u00e8s de quatre si\u00e8cles les s\u00e9parent, g\u00e9ographiquement, ils sont tr\u00e8s proches.<\/p>\n\n\n\n<p class=\"has-medium-font-size\">Celui d\u2019avant, Urbain Grandier, habitait Loudun, et le contemporain, Fran\u00e7ois Alix, est \u00e0 Verrue dans la Vienne, \u00e0 une quinzaine de minutes en voiture.<\/p>\n\n\n\n<p class=\"has-medium-font-size\">Il faut avoir ce parall\u00e8le en t\u00eate pour aborder l\u2019\u0153uvre sculpturale de Fran\u00e7ois Alix, une fois franchies les grilles po\u00e9tiques de son Magic Hortus. C\u2019est la cl\u00e9 ou le s\u00e9same qui ouvre ce monde fantastique dans lequel la vie de deux hommes qui ne se connaissent pas vient se rejoindre dans un feu d\u2019artifice de couleurs et de m\u00e9tal.<\/p>\n\n\n\n<figure class=\"wp-block-gallery has-nested-images columns-default is-cropped wp-block-gallery-1 is-layout-flex\">\n<figure class=\"wp-block-image size-large\"><img decoding=\"async\" loading=\"lazy\" width=\"768\" height=\"1024\" data-id=\"4725\"  src=\"https:\/\/histambar.com\/wp-content\/uploads\/2026\/09\/Pont-et-passerelle-de-face-768x1024.jpg\" alt=\"\" class=\"wp-image-4725\" srcset=\"https:\/\/histambar.com\/wp-content\/uploads\/2026\/09\/Pont-et-passerelle-de-face-768x1024.jpg 768w, https:\/\/histambar.com\/wp-content\/uploads\/2026\/09\/Pont-et-passerelle-de-face-225x300.jpg 225w, https:\/\/histambar.com\/wp-content\/uploads\/2026\/09\/Pont-et-passerelle-de-face-1152x1536.jpg 1152w, https:\/\/histambar.com\/wp-content\/uploads\/2026\/09\/Pont-et-passerelle-de-face-1080x1440.jpg 1080w, https:\/\/histambar.com\/wp-content\/uploads\/2026\/09\/Pont-et-passerelle-de-face.jpg 1512w\" sizes=\"(max-width: 768px) 100vw, 768px\" \/><\/figure>\n\n\n\n<figure class=\"wp-block-image size-large\"><img decoding=\"async\" loading=\"lazy\" width=\"768\" height=\"1024\" data-id=\"4728\"  src=\"https:\/\/histambar.com\/wp-content\/uploads\/2026\/09\/bouquets-de-fleurs-768x1024.jpg\" alt=\"\" class=\"wp-image-4728\" srcset=\"https:\/\/histambar.com\/wp-content\/uploads\/2026\/09\/bouquets-de-fleurs-768x1024.jpg 768w, https:\/\/histambar.com\/wp-content\/uploads\/2026\/09\/bouquets-de-fleurs-225x300.jpg 225w, https:\/\/histambar.com\/wp-content\/uploads\/2026\/09\/bouquets-de-fleurs-1152x1536.jpg 1152w, https:\/\/histambar.com\/wp-content\/uploads\/2026\/09\/bouquets-de-fleurs-1080x1440.jpg 1080w, https:\/\/histambar.com\/wp-content\/uploads\/2026\/09\/bouquets-de-fleurs.jpg 1512w\" sizes=\"(max-width: 768px) 100vw, 768px\" \/><\/figure>\n<\/figure>\n\n\n\n<p class=\"has-medium-font-size\">Fran\u00e7ois Alix vient s\u2019\u00e9tablir \u00e0 nouveau dans la for\u00eat de Sc\u00e9volles, ch\u00e8re \u00e0 son c\u0153ur, en 2018, apr\u00e8s un parcours tumultueux, \u00e9clectique et engag\u00e9, allant de conseiller en d\u00e9cors pour le cin\u00e9ma \u00e0 libraire de livres rares. Ici, il b\u00e2tit un jardin magique dans lequel il assemble, dans un puzzle g\u00e9ant, les morceaux \u00e9pars de sa vie, les meilleurs comme les pires. En r\u00e9cup\u00e9rant le m\u00e9tal de carcasses diverses, il lui donne une deuxi\u00e8me chance pour le faire parler de lui et de l\u2019homme qui le hante depuis de nombreuses ann\u00e9es et auquel il s\u2019identifie fortement. Cet autre du XVII\u1d49 si\u00e8cle.<\/p>\n\n\n\n<figure class=\"wp-block-gallery has-nested-images columns-default is-cropped wp-block-gallery-3 is-layout-flex\">\n<figure class=\"wp-block-image size-large\"><img decoding=\"async\" loading=\"lazy\" width=\"1024\" height=\"768\" data-id=\"4731\"  src=\"https:\/\/histambar.com\/wp-content\/uploads\/2026\/09\/farandole-devant-arcades-1024x768.jpg\" alt=\"\" class=\"wp-image-4731\" srcset=\"https:\/\/histambar.com\/wp-content\/uploads\/2026\/09\/farandole-devant-arcades-1024x768.jpg 1024w, https:\/\/histambar.com\/wp-content\/uploads\/2026\/09\/farandole-devant-arcades-300x225.jpg 300w, https:\/\/histambar.com\/wp-content\/uploads\/2026\/09\/farandole-devant-arcades-768x576.jpg 768w, https:\/\/histambar.com\/wp-content\/uploads\/2026\/09\/farandole-devant-arcades-1536x1152.jpg 1536w, https:\/\/histambar.com\/wp-content\/uploads\/2026\/09\/farandole-devant-arcades-1080x810.jpg 1080w, https:\/\/histambar.com\/wp-content\/uploads\/2026\/09\/farandole-devant-arcades.jpg 2016w\" sizes=\"(max-width: 1024px) 100vw, 1024px\" \/><\/figure>\n<\/figure>\n\n\n\n<p class=\"has-medium-font-size\">Et voil\u00e0 donc Urbain Grandier, l\u2019inspirateur de l\u2019\u0153uvre et personnage hors du commun. Pr\u00eatre brillant, orateur talentueux, beau et dou\u00e9 d\u2019un grand charisme, homme \u00e0 femmes et esprit ind\u00e9pendant, il d\u00e9tonne un peu dans la provinciale ville de Loudun de ce d\u00e9but du XVII\u1d49 si\u00e8cle.<\/p>\n\n\n\n<p class=\"has-medium-font-size\">Son profil m\u00eale arrogance, s\u00e9duction et insoumission \u00e0 une \u00e9poque o\u00f9 le pouvoir royal cherche \u00e0 tout contr\u00f4ler. Instruit et provocateur, il milite contre le c\u00e9libat des pr\u00eatres, pr\u00f4ne la tol\u00e9rance envers les protestants en pleine Contre-R\u00e9forme et critique ouvertement l\u2019\u00c9tat.<\/p>\n\n\n\n<p class=\"has-medium-font-size\">Sa vie pourrait se r\u00e9sumer \u00e0 un fait divers. Il est en effet accus\u00e9 par les Ursulines du couvent de Loudun, men\u00e9es par leur m\u00e8re religieuse (bien) nomm\u00e9e Jeanne des Anges, de les avoir ensorcel\u00e9es en signant un pacte avec le diable. Victime de la jalousie des notables locaux, il subit un proc\u00e8s truqu\u00e9, \u00e0 rebondissements, qui le conduit \u00e0 une condamnation pour sorcellerie. Il est br\u00fbl\u00e9 le 18 ao\u00fbt 1634 et il faut garder cette date en m\u00e9moire.<\/p>\n\n\n\n<figure class=\"wp-block-gallery has-nested-images columns-default is-cropped wp-block-gallery-5 is-layout-flex\">\n<figure class=\"wp-block-image size-large\"><img decoding=\"async\" loading=\"lazy\" width=\"768\" height=\"1024\" data-id=\"4734\"  src=\"https:\/\/histambar.com\/wp-content\/uploads\/2026\/09\/interieur-du-cloitre-2-768x1024.jpg\" alt=\"\" class=\"wp-image-4734\" srcset=\"https:\/\/histambar.com\/wp-content\/uploads\/2026\/09\/interieur-du-cloitre-2-768x1024.jpg 768w, https:\/\/histambar.com\/wp-content\/uploads\/2026\/09\/interieur-du-cloitre-2-225x300.jpg 225w, https:\/\/histambar.com\/wp-content\/uploads\/2026\/09\/interieur-du-cloitre-2-1152x1536.jpg 1152w, https:\/\/histambar.com\/wp-content\/uploads\/2026\/09\/interieur-du-cloitre-2-1080x1440.jpg 1080w, https:\/\/histambar.com\/wp-content\/uploads\/2026\/09\/interieur-du-cloitre-2.jpg 1512w\" sizes=\"(max-width: 768px) 100vw, 768px\" \/><\/figure>\n\n\n\n<figure class=\"wp-block-image size-large\"><img decoding=\"async\" loading=\"lazy\" width=\"768\" height=\"1024\" data-id=\"4737\"  src=\"https:\/\/histambar.com\/wp-content\/uploads\/2026\/09\/miroir-sur-pilone-acier-rouge-768x1024.jpg\" alt=\"\" class=\"wp-image-4737\" srcset=\"https:\/\/histambar.com\/wp-content\/uploads\/2026\/09\/miroir-sur-pilone-acier-rouge-768x1024.jpg 768w, https:\/\/histambar.com\/wp-content\/uploads\/2026\/09\/miroir-sur-pilone-acier-rouge-225x300.jpg 225w, https:\/\/histambar.com\/wp-content\/uploads\/2026\/09\/miroir-sur-pilone-acier-rouge-1152x1536.jpg 1152w, https:\/\/histambar.com\/wp-content\/uploads\/2026\/09\/miroir-sur-pilone-acier-rouge-1080x1440.jpg 1080w, https:\/\/histambar.com\/wp-content\/uploads\/2026\/09\/miroir-sur-pilone-acier-rouge.jpg 1512w\" sizes=\"(max-width: 768px) 100vw, 768px\" \/><\/figure>\n<\/figure>\n\n\n\n<p class=\"has-medium-font-size\">La r\u00e9alit\u00e9 derri\u00e8re cette accusation est bien diff\u00e9rente. Certes, Urbain Grandier avait une vie amoureuse discutable pour les m\u0153urs de l\u2019\u00e9poque et usait de la provocation avec un peu trop d\u2019orgueil et de l\u00e9g\u00e8ret\u00e9. Mais l\u2019essentiel n\u2019est pas l\u00e0. Le fait divers cache surtout la cabale religieuse et politique qui s\u2019est mise en place contre cet esprit libre qui avait os\u00e9 critiquer le cardinal de Richelieu. Son proc\u00e8s annonce d\u00e9j\u00e0 le Si\u00e8cle des Lumi\u00e8res tout en \u00e9tant l\u2019anc\u00eatre des grands proc\u00e8s modernes, quand la rumeur publique orchestr\u00e9e par le pouvoir en place masque une ex\u00e9cution purement politique sous le vernis de la foi.<\/p>\n\n\n\n<p class=\"has-medium-font-size\">Urbain Grandier est devenu un personnage historique, au destin tragique broy\u00e9 par une machine infernale. Face \u00e0 un tribunal qui utilise des \u00ab preuves \u00bb absurdes (les convulsions de religieuses, des signatures de d\u00e9mons sur des parchemins), Grandier oppose une logique implacable et une dignit\u00e9 absolue. Lors des tortures effroyables qu\u2019il subit avant le b\u00fbcher, il refuse obstin\u00e9ment de signer de faux aveux, pr\u00e9f\u00e9rant mourir en martyr de la v\u00e9rit\u00e9 plut\u00f4t que de valider la supercherie de ses bourreaux.<\/p>\n\n\n\n<figure class=\"wp-block-image size-large\"><img decoding=\"async\" loading=\"lazy\" width=\"1024\" height=\"450\" src=\"https:\/\/histambar.com\/wp-content\/uploads\/2026\/09\/farandole-de-femmes-jaunes-1024x450.jpg\" alt=\"\" class=\"wp-image-4770\" srcset=\"https:\/\/histambar.com\/wp-content\/uploads\/2026\/09\/farandole-de-femmes-jaunes-1024x450.jpg 1024w, https:\/\/histambar.com\/wp-content\/uploads\/2026\/09\/farandole-de-femmes-jaunes-300x132.jpg 300w, https:\/\/histambar.com\/wp-content\/uploads\/2026\/09\/farandole-de-femmes-jaunes-768x338.jpg 768w, https:\/\/histambar.com\/wp-content\/uploads\/2026\/09\/farandole-de-femmes-jaunes-1080x475.jpg 1080w, https:\/\/histambar.com\/wp-content\/uploads\/2026\/09\/farandole-de-femmes-jaunes.jpg 1512w\" sizes=\"(max-width: 1024px) 100vw, 1024px\" \/><\/figure>\n\n\n\n<p class=\"has-medium-font-size\">Si, \u00e0 Magic Hortus, il est question de cet homme-l\u00e0, le travail d\u2019artiste et d\u2019orf\u00e8vre de Fran\u00e7ois Alix, qui lui a d\u00e9di\u00e9 ce lieu, nous le pr\u00e9sente en r\u00e9bus, en filigrane, en fil d\u2019Ariane, tout en nous parlant d\u2019autres choses. Car notre sculpteur contemporain a plus d\u2019un tour dans son sac et d\u00e9livre ses messages comme un po\u00e8me de Pr\u00e9vert, laissant cet univers extraordinaire s\u2019exprimer au gr\u00e9 de sa fantaisie.<\/p>\n\n\n\n<p class=\"has-medium-font-size\">On y trouve donc une multitude de fleurs en m\u00e9tal de couleurs joyeuses qui grimpent \u00e0 l\u2019assaut de murs fant\u00f4mes, en hommage \u00e0 sa maman ; des farandoles de femmes dansant sur le fil de sa propre vie amoureuse, rappelant Niki de Saint Phalle ; <\/p>\n\n\n\n<figure class=\"wp-block-gallery has-nested-images columns-default is-cropped wp-block-gallery-7 is-layout-flex\">\n<figure class=\"wp-block-image size-large\"><img decoding=\"async\" loading=\"lazy\" width=\"768\" height=\"1024\" data-id=\"4788\"  src=\"https:\/\/histambar.com\/wp-content\/uploads\/2026\/09\/fleurs-a-lassaut-768x1024.jpg\" alt=\"\" class=\"wp-image-4788\" srcset=\"https:\/\/histambar.com\/wp-content\/uploads\/2026\/09\/fleurs-a-lassaut-768x1024.jpg 768w, https:\/\/histambar.com\/wp-content\/uploads\/2026\/09\/fleurs-a-lassaut-225x300.jpg 225w, https:\/\/histambar.com\/wp-content\/uploads\/2026\/09\/fleurs-a-lassaut-1152x1536.jpg 1152w, https:\/\/histambar.com\/wp-content\/uploads\/2026\/09\/fleurs-a-lassaut-1080x1440.jpg 1080w, https:\/\/histambar.com\/wp-content\/uploads\/2026\/09\/fleurs-a-lassaut.jpg 1512w\" sizes=\"(max-width: 768px) 100vw, 768px\" \/><\/figure>\n\n\n\n<figure class=\"wp-block-image size-large\"><img decoding=\"async\" loading=\"lazy\" width=\"768\" height=\"1024\" data-id=\"4743\"  src=\"https:\/\/histambar.com\/wp-content\/uploads\/2026\/09\/femme-dansant-sur-lherbe-768x1024.jpg\" alt=\"\" class=\"wp-image-4743\" srcset=\"https:\/\/histambar.com\/wp-content\/uploads\/2026\/09\/femme-dansant-sur-lherbe-768x1024.jpg 768w, https:\/\/histambar.com\/wp-content\/uploads\/2026\/09\/femme-dansant-sur-lherbe-225x300.jpg 225w, https:\/\/histambar.com\/wp-content\/uploads\/2026\/09\/femme-dansant-sur-lherbe-1152x1536.jpg 1152w, https:\/\/histambar.com\/wp-content\/uploads\/2026\/09\/femme-dansant-sur-lherbe-1080x1440.jpg 1080w, https:\/\/histambar.com\/wp-content\/uploads\/2026\/09\/femme-dansant-sur-lherbe.jpg 1512w\" sizes=\"(max-width: 768px) 100vw, 768px\" \/><\/figure>\n\n\n\n<figure class=\"wp-block-image size-large\"><img decoding=\"async\" loading=\"lazy\" width=\"768\" height=\"1024\" data-id=\"4761\"  src=\"https:\/\/histambar.com\/wp-content\/uploads\/2026\/09\/femme-et-fleurs-detail-768x1024.jpg\" alt=\"\" class=\"wp-image-4761\" srcset=\"https:\/\/histambar.com\/wp-content\/uploads\/2026\/09\/femme-et-fleurs-detail-768x1024.jpg 768w, https:\/\/histambar.com\/wp-content\/uploads\/2026\/09\/femme-et-fleurs-detail-225x300.jpg 225w, https:\/\/histambar.com\/wp-content\/uploads\/2026\/09\/femme-et-fleurs-detail-1152x1536.jpg 1152w, https:\/\/histambar.com\/wp-content\/uploads\/2026\/09\/femme-et-fleurs-detail-1080x1440.jpg 1080w, https:\/\/histambar.com\/wp-content\/uploads\/2026\/09\/femme-et-fleurs-detail.jpg 1512w\" sizes=\"(max-width: 768px) 100vw, 768px\" \/><\/figure>\n<\/figure>\n\n\n\n<p class=\"has-medium-font-size\">un pont faisant \u00e9cho \u00e0 Giverny et \u00e0 Claude Monet ; <\/p>\n\n\n\n<figure class=\"wp-block-image size-large\"><img decoding=\"async\" loading=\"lazy\" width=\"1024\" height=\"768\" src=\"https:\/\/histambar.com\/wp-content\/uploads\/2026\/09\/pont-de-Giverny-1-1024x768.jpg\" alt=\"\" class=\"wp-image-4758\" srcset=\"https:\/\/histambar.com\/wp-content\/uploads\/2026\/09\/pont-de-Giverny-1-1024x768.jpg 1024w, https:\/\/histambar.com\/wp-content\/uploads\/2026\/09\/pont-de-Giverny-1-300x225.jpg 300w, https:\/\/histambar.com\/wp-content\/uploads\/2026\/09\/pont-de-Giverny-1-768x576.jpg 768w, https:\/\/histambar.com\/wp-content\/uploads\/2026\/09\/pont-de-Giverny-1-1536x1152.jpg 1536w, https:\/\/histambar.com\/wp-content\/uploads\/2026\/09\/pont-de-Giverny-1-1080x810.jpg 1080w, https:\/\/histambar.com\/wp-content\/uploads\/2026\/09\/pont-de-Giverny-1.jpg 2016w\" sizes=\"(max-width: 1024px) 100vw, 1024px\" \/><\/figure>\n\n\n\n<p><\/p>\n\n\n\n<p class=\"has-medium-font-size\">une chapelle d\u2019inspiration diablement mexicaine ; <\/p>\n\n\n\n<figure class=\"wp-block-gallery has-nested-images columns-default is-cropped wp-block-gallery-9 is-layout-flex\">\n<figure class=\"wp-block-image size-large\"><img decoding=\"async\" loading=\"lazy\" width=\"733\" height=\"1024\" data-id=\"4755\"  src=\"https:\/\/histambar.com\/wp-content\/uploads\/2026\/09\/Apollon-devant-chapelle-733x1024.jpg\" alt=\"\" class=\"wp-image-4755\" srcset=\"https:\/\/histambar.com\/wp-content\/uploads\/2026\/09\/Apollon-devant-chapelle-733x1024.jpg 733w, https:\/\/histambar.com\/wp-content\/uploads\/2026\/09\/Apollon-devant-chapelle-215x300.jpg 215w, https:\/\/histambar.com\/wp-content\/uploads\/2026\/09\/Apollon-devant-chapelle-768x1073.jpg 768w, https:\/\/histambar.com\/wp-content\/uploads\/2026\/09\/Apollon-devant-chapelle-1099x1536.jpg 1099w, https:\/\/histambar.com\/wp-content\/uploads\/2026\/09\/Apollon-devant-chapelle-1080x1509.jpg 1080w, https:\/\/histambar.com\/wp-content\/uploads\/2026\/09\/Apollon-devant-chapelle.jpg 1443w\" sizes=\"(max-width: 733px) 100vw, 733px\" \/><\/figure>\n\n\n\n<figure class=\"wp-block-image size-large\"><img decoding=\"async\" loading=\"lazy\" width=\"768\" height=\"1024\" data-id=\"4752\"  src=\"https:\/\/histambar.com\/wp-content\/uploads\/2026\/09\/chapelle-mexicaine-avec-fontaine-1-768x1024.jpg\" alt=\"\" class=\"wp-image-4752\" srcset=\"https:\/\/histambar.com\/wp-content\/uploads\/2026\/09\/chapelle-mexicaine-avec-fontaine-1-768x1024.jpg 768w, https:\/\/histambar.com\/wp-content\/uploads\/2026\/09\/chapelle-mexicaine-avec-fontaine-1-225x300.jpg 225w, https:\/\/histambar.com\/wp-content\/uploads\/2026\/09\/chapelle-mexicaine-avec-fontaine-1-1152x1536.jpg 1152w, https:\/\/histambar.com\/wp-content\/uploads\/2026\/09\/chapelle-mexicaine-avec-fontaine-1-1080x1440.jpg 1080w, https:\/\/histambar.com\/wp-content\/uploads\/2026\/09\/chapelle-mexicaine-avec-fontaine-1.jpg 1512w\" sizes=\"(max-width: 768px) 100vw, 768px\" \/><\/figure>\n<\/figure>\n\n\n\n<p class=\"has-medium-font-size\">un d\u00e9cor de ch\u00e2teau tourangeau \u00e0 ciel ouvert, clin d\u2019\u0153il \u00e0 son enfance ; une passerelle \u00e9voquant la High Line de New York ; <\/p>\n\n\n\n<figure class=\"wp-block-gallery has-nested-images columns-default is-cropped wp-block-gallery-11 is-layout-flex\">\n<figure class=\"wp-block-image size-large\"><img decoding=\"async\" loading=\"lazy\" width=\"1024\" height=\"768\" data-id=\"4764\"  src=\"https:\/\/histambar.com\/wp-content\/uploads\/2026\/09\/passerelle-NY-1024x768.jpg\" alt=\"\" class=\"wp-image-4764\" srcset=\"https:\/\/histambar.com\/wp-content\/uploads\/2026\/09\/passerelle-NY-1024x768.jpg 1024w, https:\/\/histambar.com\/wp-content\/uploads\/2026\/09\/passerelle-NY-300x225.jpg 300w, https:\/\/histambar.com\/wp-content\/uploads\/2026\/09\/passerelle-NY-768x576.jpg 768w, https:\/\/histambar.com\/wp-content\/uploads\/2026\/09\/passerelle-NY-1536x1152.jpg 1536w, https:\/\/histambar.com\/wp-content\/uploads\/2026\/09\/passerelle-NY-1080x810.jpg 1080w, https:\/\/histambar.com\/wp-content\/uploads\/2026\/09\/passerelle-NY.jpg 2016w\" sizes=\"(max-width: 1024px) 100vw, 1024px\" \/><\/figure>\n\n\n\n<figure class=\"wp-block-image size-large\"><img decoding=\"async\" loading=\"lazy\" width=\"1024\" height=\"768\" data-id=\"4767\"  src=\"https:\/\/histambar.com\/wp-content\/uploads\/2026\/09\/passerelle-NY-2-1024x768.jpg\" alt=\"\" class=\"wp-image-4767\" srcset=\"https:\/\/histambar.com\/wp-content\/uploads\/2026\/09\/passerelle-NY-2-1024x768.jpg 1024w, https:\/\/histambar.com\/wp-content\/uploads\/2026\/09\/passerelle-NY-2-300x225.jpg 300w, https:\/\/histambar.com\/wp-content\/uploads\/2026\/09\/passerelle-NY-2-768x576.jpg 768w, https:\/\/histambar.com\/wp-content\/uploads\/2026\/09\/passerelle-NY-2-1536x1152.jpg 1536w, https:\/\/histambar.com\/wp-content\/uploads\/2026\/09\/passerelle-NY-2-1080x810.jpg 1080w, https:\/\/histambar.com\/wp-content\/uploads\/2026\/09\/passerelle-NY-2.jpg 2016w\" sizes=\"(max-width: 1024px) 100vw, 1024px\" \/><\/figure>\n<\/figure>\n\n\n\n<p class=\"has-medium-font-size\">un clo\u00eetre, un hommage \u00e0 J\u00e9rusalem et partout les couleurs primaires de Mir\u00f3 et de Calder. Un labyrinthe dans lequel on se perd, on s\u2019interroge, on s\u2019aper\u00e7oit dans un miroir, et on croise des objets insolites qui occupent les espaces comme autant de symboles.<\/p>\n\n\n\n<p class=\"has-medium-font-size\">Tout cela et plus encore raconte la vie de Fran\u00e7ois Alix, \u00ab ses amours, ses emmerdes \u00bb comme chantait Aznavour et comme il l\u2019avoue lui-m\u00eame.<\/p>\n\n\n\n<p class=\"has-medium-font-size\">Tout cela et plus encore nous parle \u00e9videmment aussi d\u2019Urbain Grandier. Et il suffit de reprendre chaque partie de ce d\u00e9cor surr\u00e9aliste pour voir d\u00e9filer la vie de cet homme du XVII\u1d49 si\u00e8cle sous la houlette de l\u2019artiste. La chapelle mexicaine n\u2019est autre que l\u2019\u00e9glise Saint-Pierre o\u00f9 il \u00e9tait pr\u00eatre \u00e0 Loudun, le clo\u00eetre repr\u00e9sente le couvent des Ursulines, les farandoles sont les badauds de Loudun assistant \u00e0 l&#8217;ex\u00e9cution, la baignoire sous le pont dans lequel un mannequin se noie, faisant penser \u00e0 l\u2019assassinat de Marat, devient l\u2019all\u00e9gorie du b\u00fbcher de Grandier et le tout s\u2019imbrique astucieusement pour former une place publique o\u00f9 s\u2019est d\u00e9roul\u00e9 le drame.<\/p>\n\n\n\n<figure class=\"wp-block-gallery has-nested-images columns-default is-cropped wp-block-gallery-13 is-layout-flex\">\n<figure class=\"wp-block-image size-large\"><img decoding=\"async\" loading=\"lazy\" width=\"768\" height=\"1024\" data-id=\"4773\"  src=\"https:\/\/histambar.com\/wp-content\/uploads\/2026\/09\/baignoire-768x1024.jpg\" alt=\"\" class=\"wp-image-4773\" srcset=\"https:\/\/histambar.com\/wp-content\/uploads\/2026\/09\/baignoire-768x1024.jpg 768w, https:\/\/histambar.com\/wp-content\/uploads\/2026\/09\/baignoire-225x300.jpg 225w, https:\/\/histambar.com\/wp-content\/uploads\/2026\/09\/baignoire-1152x1536.jpg 1152w, https:\/\/histambar.com\/wp-content\/uploads\/2026\/09\/baignoire-1080x1440.jpg 1080w, https:\/\/histambar.com\/wp-content\/uploads\/2026\/09\/baignoire.jpg 1512w\" sizes=\"(max-width: 768px) 100vw, 768px\" \/><\/figure>\n\n\n\n<figure class=\"wp-block-image size-large\"><img decoding=\"async\" loading=\"lazy\" width=\"1024\" height=\"612\" data-id=\"4776\"  src=\"https:\/\/histambar.com\/wp-content\/uploads\/2026\/09\/baignoire-2-1024x612.jpg\" alt=\"\" class=\"wp-image-4776\" srcset=\"https:\/\/histambar.com\/wp-content\/uploads\/2026\/09\/baignoire-2-1024x612.jpg 1024w, https:\/\/histambar.com\/wp-content\/uploads\/2026\/09\/baignoire-2-300x179.jpg 300w, https:\/\/histambar.com\/wp-content\/uploads\/2026\/09\/baignoire-2-768x459.jpg 768w, https:\/\/histambar.com\/wp-content\/uploads\/2026\/09\/baignoire-2-1536x918.jpg 1536w, https:\/\/histambar.com\/wp-content\/uploads\/2026\/09\/baignoire-2-1080x646.jpg 1080w, https:\/\/histambar.com\/wp-content\/uploads\/2026\/09\/baignoire-2.jpg 2016w\" sizes=\"(max-width: 1024px) 100vw, 1024px\" \/><\/figure>\n<\/figure>\n\n\n\n<p class=\"has-medium-font-size\">Le 18 ao\u00fbt 2034, la sc\u00e8ne du crime sera achev\u00e9e, 400 ans exactement apr\u00e8s la trag\u00e9die de Loudun et la mascarade de jugement qu\u2019elle a repr\u00e9sent\u00e9e.<\/p>\n\n\n\n<p class=\"has-medium-font-size\">Fran\u00e7ois Alix joue sur les deux tableaux, en homme libre qui a \u00e9galement men\u00e9 ses propres combats id\u00e9ologiques et politiques et qui les affronte encore.<\/p>\n\n\n\n<p class=\"has-medium-font-size\">Ce lieu \u2014 atypique \u2014 est multiple comme l\u2019histoire de ces deux vies qui ne se sont pas crois\u00e9es mais qui ont tant de points communs. On pourrait le qualifier de jardin, m\u00e9morial, r\u00e9alisation architecturale, expression artistique, d\u00e9cor, th\u00e9\u00e2tre ou ville imaginaire. Tout se superpose et s\u2019enlace, brouillant les pistes dans un foisonnement de couleurs. <\/p>\n\n\n\n<figure class=\"wp-block-gallery has-nested-images columns-default is-cropped wp-block-gallery-15 is-layout-flex\">\n<figure class=\"wp-block-image size-large\"><img decoding=\"async\" loading=\"lazy\" width=\"768\" height=\"1024\" data-id=\"4782\"  src=\"https:\/\/histambar.com\/wp-content\/uploads\/2026\/09\/femme-au-geranium-768x1024.jpg\" alt=\"\" class=\"wp-image-4782\" srcset=\"https:\/\/histambar.com\/wp-content\/uploads\/2026\/09\/femme-au-geranium-768x1024.jpg 768w, https:\/\/histambar.com\/wp-content\/uploads\/2026\/09\/femme-au-geranium-225x300.jpg 225w, https:\/\/histambar.com\/wp-content\/uploads\/2026\/09\/femme-au-geranium-1152x1536.jpg 1152w, https:\/\/histambar.com\/wp-content\/uploads\/2026\/09\/femme-au-geranium-1080x1440.jpg 1080w, https:\/\/histambar.com\/wp-content\/uploads\/2026\/09\/femme-au-geranium.jpg 1512w\" sizes=\"(max-width: 768px) 100vw, 768px\" \/><\/figure>\n\n\n\n<figure class=\"wp-block-image size-large\"><img decoding=\"async\" loading=\"lazy\" width=\"768\" height=\"1024\" data-id=\"4785\"  src=\"https:\/\/histambar.com\/wp-content\/uploads\/2026\/09\/mannequin-noir-et-fleurs-rouges-768x1024.jpg\" alt=\"\" class=\"wp-image-4785\" srcset=\"https:\/\/histambar.com\/wp-content\/uploads\/2026\/09\/mannequin-noir-et-fleurs-rouges-768x1024.jpg 768w, https:\/\/histambar.com\/wp-content\/uploads\/2026\/09\/mannequin-noir-et-fleurs-rouges-225x300.jpg 225w, https:\/\/histambar.com\/wp-content\/uploads\/2026\/09\/mannequin-noir-et-fleurs-rouges-1152x1536.jpg 1152w, https:\/\/histambar.com\/wp-content\/uploads\/2026\/09\/mannequin-noir-et-fleurs-rouges-1080x1440.jpg 1080w, https:\/\/histambar.com\/wp-content\/uploads\/2026\/09\/mannequin-noir-et-fleurs-rouges.jpg 1512w\" sizes=\"(max-width: 768px) 100vw, 768px\" \/><\/figure>\n\n\n\n<figure class=\"wp-block-image size-large\"><img decoding=\"async\" loading=\"lazy\" width=\"958\" height=\"1024\" data-id=\"4740\"  src=\"https:\/\/histambar.com\/wp-content\/uploads\/2026\/09\/fleurs-bleues-et-pot-958x1024.jpg\" alt=\"\" class=\"wp-image-4740\" srcset=\"https:\/\/histambar.com\/wp-content\/uploads\/2026\/09\/fleurs-bleues-et-pot-958x1024.jpg 958w, https:\/\/histambar.com\/wp-content\/uploads\/2026\/09\/fleurs-bleues-et-pot-281x300.jpg 281w, https:\/\/histambar.com\/wp-content\/uploads\/2026\/09\/fleurs-bleues-et-pot-768x821.jpg 768w, https:\/\/histambar.com\/wp-content\/uploads\/2026\/09\/fleurs-bleues-et-pot-1436x1536.jpg 1436w, https:\/\/histambar.com\/wp-content\/uploads\/2026\/09\/fleurs-bleues-et-pot-1080x1155.jpg 1080w, https:\/\/histambar.com\/wp-content\/uploads\/2026\/09\/fleurs-bleues-et-pot.jpg 1512w\" sizes=\"(max-width: 958px) 100vw, 958px\" \/><\/figure>\n<\/figure>\n\n\n\n<p class=\"has-medium-font-size\">Il y a autant de g\u00e9n\u00e9rosit\u00e9 que de pudeur dans cette \u0153uvre qui s\u2019est invit\u00e9e au c\u0153ur de la nature en y apportant la po\u00e9sie de son oppos\u00e9 : le tout m\u00e9tal et qui plus est, du m\u00e9tal us\u00e9 ! Et c\u2019est le point le plus original de la r\u00e9alisation. Recycler des mat\u00e9riaux inutilis\u00e9s et consid\u00e9r\u00e9s comme d\u00e9chets pour les dompter et les magnifier. M\u00e9tamorphoser une mati\u00e8re abandonn\u00e9e, froide et parfois agressive pour qu\u2019elle se plie \u00e0 la courbe, \u00e0 la tendresse.  Qu&#8217;elle soit vue une autre fois diff\u00e9remment. Qu\u2019elle soit sublim\u00e9e et fasse oublier son pass\u00e9 afin de d\u00e9livrer les nombreux messages de l\u2019artiste qui jongle aussi avec son propre pass\u00e9 pour nous parler du pr\u00e9sent.<\/p>\n\n\n\n<figure class=\"wp-block-gallery has-nested-images columns-default is-cropped wp-block-gallery-17 is-layout-flex\">\n<figure class=\"wp-block-image size-large\"><img decoding=\"async\" loading=\"lazy\" width=\"1024\" height=\"768\" data-id=\"4779\"  src=\"https:\/\/histambar.com\/wp-content\/uploads\/2026\/09\/danseuse-dans-fontaine-1024x768.jpg\" alt=\"\" class=\"wp-image-4779\" srcset=\"https:\/\/histambar.com\/wp-content\/uploads\/2026\/09\/danseuse-dans-fontaine-1024x768.jpg 1024w, https:\/\/histambar.com\/wp-content\/uploads\/2026\/09\/danseuse-dans-fontaine-300x225.jpg 300w, https:\/\/histambar.com\/wp-content\/uploads\/2026\/09\/danseuse-dans-fontaine-768x576.jpg 768w, https:\/\/histambar.com\/wp-content\/uploads\/2026\/09\/danseuse-dans-fontaine-1536x1152.jpg 1536w, https:\/\/histambar.com\/wp-content\/uploads\/2026\/09\/danseuse-dans-fontaine-1080x810.jpg 1080w, https:\/\/histambar.com\/wp-content\/uploads\/2026\/09\/danseuse-dans-fontaine.jpg 2016w\" sizes=\"(max-width: 1024px) 100vw, 1024px\" \/><\/figure>\n<\/figure>\n\n\n\n<p class=\"has-medium-font-size\">Car l\u2019histoire d\u2019Urbain Grandier est universelle et sera toujours d\u2019actualit\u00e9. Et puis, comme un mille-feuilles, l\u2019\u0153uvre livre des saveurs diff\u00e9rentes \u00e0 chaque coup d\u2019\u0153il. Il y a ce que l\u2019on embrasse \u00e0 premi\u00e8re vue et ce que l\u2019on d\u00e9couvre peu \u00e0 peu comme si des lutins faisaient jaillir des \u00e9l\u00e9ments nouveaux dans notre dos, nous obligeant \u00e0 nous retourner pour se retrouver face \u00e0 un autre d\u00e9cor. <\/p>\n\n\n\n<figure class=\"wp-block-image size-large\"><img decoding=\"async\" loading=\"lazy\" width=\"1024\" height=\"768\" src=\"https:\/\/histambar.com\/wp-content\/uploads\/2026\/09\/interieur-du-cloitre-1024x768.jpg\" alt=\"\" class=\"wp-image-4791\" srcset=\"https:\/\/histambar.com\/wp-content\/uploads\/2026\/09\/interieur-du-cloitre-1024x768.jpg 1024w, https:\/\/histambar.com\/wp-content\/uploads\/2026\/09\/interieur-du-cloitre-300x225.jpg 300w, https:\/\/histambar.com\/wp-content\/uploads\/2026\/09\/interieur-du-cloitre-768x576.jpg 768w, https:\/\/histambar.com\/wp-content\/uploads\/2026\/09\/interieur-du-cloitre-1536x1152.jpg 1536w, https:\/\/histambar.com\/wp-content\/uploads\/2026\/09\/interieur-du-cloitre-1080x810.jpg 1080w, https:\/\/histambar.com\/wp-content\/uploads\/2026\/09\/interieur-du-cloitre.jpg 2016w\" sizes=\"(max-width: 1024px) 100vw, 1024px\" \/><\/figure>\n\n\n\n<p class=\"has-medium-font-size\">L\u00e0 est la magie du lieu. Il est anim\u00e9, en mouvement, et c\u2019est sans doute le point de rupture entre la mission de Fran\u00e7ois Alix envers Urbain Grandier et la mutation artistique qui est n\u00e9e entre ses mains. L\u2019\u0153uvre se fond avec la nature et se m\u00e9tamorphose au-del\u00e0 des \u00e9vocations qu\u2019elle repr\u00e9sente. Le jardin magique devient celui des contes, habit\u00e9 par les \u00e2mes de ceux qui l\u2019ont cr\u00e9\u00e9 ou inspir\u00e9 mais ind\u00e9pendant \u00e0 son tour.<\/p>\n\n\n\n<p class=\"has-medium-font-size\">Le g\u00e9nie d\u2019un artiste r\u00e9side aussi dans sa capacit\u00e9 \u00e0 donner vie \u00e0 son \u0153uvre et \u00e0 la laisser s\u2019\u00e9chapper.<\/p>\n\n\n\n<p class=\"has-medium-font-size\">Texte et photos : Claudia Meyer.<\/p>\n\n\n\n<p class=\"has-vivid-red-color has-text-color has-medium-font-size\"><strong>EN SAVOIR PLUS<\/strong> : <\/p>\n\n\n\n<p class=\"has-medium-font-size\">Magis Hortus est ouvert pour les &#8220;Journ\u00e9es du patrimoine&#8221; en septembre et pour &#8220;Rendez-vous aux jardins&#8221; en juin.<\/p>\n\n\n\n<p class=\"has-medium-font-size\">Pour des visites hors ces manifestations, il faut prendre rendez-vous aupr\u00e8s de Fran\u00e7ois Alix.<\/p>\n\n\n\n<p class=\"has-medium-font-size\"><a href=\"https:\/\/www.facebook.com\/francois.alix.officiel\/?locale=fr_FR\">https:\/\/www.facebook.com\/francois.alix.officiel\/?locale=fr_FR<\/a><\/p>\n\n\n\n<p class=\"has-medium-font-size\">Fran\u00e7ois Alix, un sculpteur heureux \u00e0 Verrue<\/p>\n\n\n\n<figure class=\"wp-block-embed is-type-video is-provider-youtube wp-block-embed-youtube wp-embed-aspect-16-9 wp-has-aspect-ratio\"><div class=\"wp-block-embed__wrapper\">\n<iframe loading=\"lazy\" title=\"Fran\u00e7ois Alix, un sculpteur heureux \u00e0 Verrue\" width=\"1080\" height=\"608\" src=\"https:\/\/www.youtube.com\/embed\/djqFW4ikLMA?feature=oembed\" frameborder=\"0\" allow=\"accelerometer; autoplay; clipboard-write; encrypted-media; gyroscope; picture-in-picture; web-share\" referrerpolicy=\"strict-origin-when-cross-origin\" allowfullscreen><\/iframe>\n<\/div><\/figure>\n","protected":false},"excerpt":{"rendered":"<p>C\u2019est l\u2019histoire d\u2019une partition \u00e0 quatre mains, avec deux hommes et plusieurs vies. Un homme d\u2019aujourd\u2019hui et un autre du XVII\u1d49 si\u00e8cle qui ont crois\u00e9 et emm\u00eal\u00e9 leurs destins, l\u2019un continuant le combat de l\u2019autre pour d\u00e9fendre une m\u00eame id\u00e9e. Si, temporellement, pr\u00e8s de quatre si\u00e8cles les s\u00e9parent, g\u00e9ographiquement, ils sont tr\u00e8s proches. Celui d\u2019avant, Urbain Grandier, habitait Loudun, et le contemporain, Fran\u00e7ois Alix, est \u00e0 Verrue dans la Vienne, \u00e0 une quinzaine de minutes en voiture. Il faut avoir ce parall\u00e8le en t\u00eate pour aborder l\u2019\u0153uvre sculpturale de Fran\u00e7ois Alix, une fois franchies les grilles po\u00e9tiques de son Magic Hortus. C\u2019est la cl\u00e9 ou le s\u00e9same qui ouvre ce monde fantastique dans lequel la vie de deux hommes qui ne se connaissent pas vient se rejoindre dans un feu d\u2019artifice de couleurs et de m\u00e9tal. Fran\u00e7ois Alix vient s\u2019\u00e9tablir \u00e0 nouveau dans la for\u00eat de Sc\u00e9volles, ch\u00e8re \u00e0 son c\u0153ur, en 2018, apr\u00e8s un parcours tumultueux, \u00e9clectique et engag\u00e9, allant de conseiller en d\u00e9cors pour le cin\u00e9ma \u00e0 libraire de livres rares. Ici, il b\u00e2tit un jardin magique dans lequel il assemble, dans un puzzle g\u00e9ant, les morceaux \u00e9pars de sa vie, les meilleurs comme les pires. En r\u00e9cup\u00e9rant [&hellip;]<\/p>\n","protected":false},"author":1,"featured_media":4795,"comment_status":"closed","ping_status":"closed","sticky":false,"template":"","format":"standard","meta":{"_monsterinsights_skip_tracking":false,"_monsterinsights_sitenote_active":false,"_monsterinsights_sitenote_note":"","_monsterinsights_sitenote_category":0},"categories":[10],"tags":[],"_links":{"self":[{"href":"https:\/\/histambar.com\/en\/wp-json\/wp\/v2\/posts\/4717"}],"collection":[{"href":"https:\/\/histambar.com\/en\/wp-json\/wp\/v2\/posts"}],"about":[{"href":"https:\/\/histambar.com\/en\/wp-json\/wp\/v2\/types\/post"}],"author":[{"embeddable":true,"href":"https:\/\/histambar.com\/en\/wp-json\/wp\/v2\/users\/1"}],"replies":[{"embeddable":true,"href":"https:\/\/histambar.com\/en\/wp-json\/wp\/v2\/comments?post=4717"}],"version-history":[{"count":6,"href":"https:\/\/histambar.com\/en\/wp-json\/wp\/v2\/posts\/4717\/revisions"}],"predecessor-version":[{"id":4799,"href":"https:\/\/histambar.com\/en\/wp-json\/wp\/v2\/posts\/4717\/revisions\/4799"}],"wp:featuredmedia":[{"embeddable":true,"href":"https:\/\/histambar.com\/en\/wp-json\/wp\/v2\/media\/4795"}],"wp:attachment":[{"href":"https:\/\/histambar.com\/en\/wp-json\/wp\/v2\/media?parent=4717"}],"wp:term":[{"taxonomy":"category","embeddable":true,"href":"https:\/\/histambar.com\/en\/wp-json\/wp\/v2\/categories?post=4717"},{"taxonomy":"post_tag","embeddable":true,"href":"https:\/\/histambar.com\/en\/wp-json\/wp\/v2\/tags?post=4717"}],"curies":[{"name":"wp","href":"https:\/\/api.w.org\/{rel}","templated":true}]}}