{"id":1713,"date":"2021-04-25T21:32:02","date_gmt":"2021-04-25T21:32:02","guid":{"rendered":"https:\/\/histambar.com\/?p=1713"},"modified":"2025-03-14T15:26:13","modified_gmt":"2025-03-14T15:26:13","slug":"juegos-de-agua-en-la-villa-deste-italia","status":"publish","type":"post","link":"https:\/\/histambar.com\/es\/blog\/juegos-de-agua-en-la-villa-deste-italia\/","title":{"rendered":"\u00abJuegos de agua en la Villa d&#8217;Este\u00bb (ITALIA)"},"content":{"rendered":"\n<p class=\"has-medium-font-size\">\u00bfPodr\u00eda decirse que, en nuestro vasto mundo, la obra de arte ha elegido a veces a su creador y no al rev\u00e9s? Dada la pugnacidad con la que han nacido y existen algunas obras, la afirmaci\u00f3n anterior es posible. En cualquier caso, en mi opini\u00f3n, esto es lo que debi\u00f3 ocurrir en T\u00edvoli, cerca de Roma, a finales del Renacimiento.&nbsp;<\/p>\n\n\n\n<figure class=\"wp-block-image is-style-rounded\"><img decoding=\"async\" loading=\"lazy\" width=\"850\" height=\"1024\" src=\"https:\/\/histambar.com\/wp-content\/uploads\/2021\/04\/Vue-des-terrassses-850x1024.jpg\" alt=\"\" class=\"wp-image-1672\" srcset=\"https:\/\/histambar.com\/wp-content\/uploads\/2021\/04\/Vue-des-terrassses-850x1024.jpg 850w, https:\/\/histambar.com\/wp-content\/uploads\/2021\/04\/Vue-des-terrassses-249x300.jpg 249w, https:\/\/histambar.com\/wp-content\/uploads\/2021\/04\/Vue-des-terrassses-768x925.jpg 768w, https:\/\/histambar.com\/wp-content\/uploads\/2021\/04\/Vue-des-terrassses-1080x1301.jpg 1080w, https:\/\/histambar.com\/wp-content\/uploads\/2021\/04\/Vue-des-terrassses.jpg 1250w\" sizes=\"(max-width: 850px) 100vw, 850px\" \/><figcaption class=\"wp-element-caption\">Vista de los jardines de la Villa d&#8217;Este desde el palacio<\/figcaption><\/figure>\n\n\n\n<p class=\"has-medium-font-size\">Italia estaba en el apogeo del Arte y me gusta pensar que, en esta efervescencia creativa, el&nbsp;<em>Agua<\/em>, este elemento \u00fanico, precioso y vital, pero tan trivializado por el hombre, se dijo a s\u00ed mismo que ya era hora de que la humanidad tomara conciencia de la amplitud de sus posibilidades. A partir de esta observaci\u00f3n, con&nbsp;la que&nbsp;yo reclamo&nbsp;totalmente, imaginemos lo que ocurre a continuaci\u00f3n.&nbsp;<\/p>\n\n\n\n<p class=\"has-medium-font-size\">El (<em>Agua<\/em>) decide convertirse en la hero\u00edna de una obra de arte que la engrandece y venera. Entonces empieza a buscar a la persona adecuada para realizar su ambicioso sue\u00f1o. La elecci\u00f3n recae en un cardenal que tambi\u00e9n tiene una ambici\u00f3n, convertirse en Papa. El agua es astuta. Comprendi\u00f3 que la determinaci\u00f3n de este hombre servir\u00eda a sus prop\u00f3sitos.<\/p>\n\n\n\n<figure class=\"wp-block-gallery has-nested-images columns-default is-cropped wp-block-gallery-1 is-layout-flex\">\n<figure class=\"wp-block-image size-large\"><img decoding=\"async\" loading=\"lazy\" width=\"768\" height=\"1024\" data-id=\"1677\"  src=\"https:\/\/histambar.com\/wp-content\/uploads\/2021\/04\/Eau-bouilonnate-768x1024.jpg\" alt=\"\" class=\"wp-image-1677\" srcset=\"https:\/\/histambar.com\/wp-content\/uploads\/2021\/04\/Eau-bouilonnate-768x1024.jpg 768w, https:\/\/histambar.com\/wp-content\/uploads\/2021\/04\/Eau-bouilonnate-225x300.jpg 225w, https:\/\/histambar.com\/wp-content\/uploads\/2021\/04\/Eau-bouilonnate-1152x1536.jpg 1152w, https:\/\/histambar.com\/wp-content\/uploads\/2021\/04\/Eau-bouilonnate-1080x1440.jpg 1080w, https:\/\/histambar.com\/wp-content\/uploads\/2021\/04\/Eau-bouilonnate.jpg 1250w\" sizes=\"(max-width: 768px) 100vw, 768px\" \/><\/figure>\n\n\n\n<figure class=\"wp-block-image size-large\"><img decoding=\"async\" loading=\"lazy\" width=\"768\" height=\"1024\" data-id=\"1680\"  src=\"https:\/\/histambar.com\/wp-content\/uploads\/2021\/04\/Jet-en-perpective-768x1024.jpg\" alt=\"Villa d'Este\" class=\"wp-image-1680\" srcset=\"https:\/\/histambar.com\/wp-content\/uploads\/2021\/04\/Jet-en-perpective-768x1024.jpg 768w, https:\/\/histambar.com\/wp-content\/uploads\/2021\/04\/Jet-en-perpective-225x300.jpg 225w, https:\/\/histambar.com\/wp-content\/uploads\/2021\/04\/Jet-en-perpective-1152x1536.jpg 1152w, https:\/\/histambar.com\/wp-content\/uploads\/2021\/04\/Jet-en-perpective-1080x1440.jpg 1080w, https:\/\/histambar.com\/wp-content\/uploads\/2021\/04\/Jet-en-perpective.jpg 1250w\" sizes=\"(max-width: 768px) 100vw, 768px\" \/><\/figure>\n<\/figure>\n\n\n\n<p class=\"has-medium-font-size\">Presentemos al hombre. Su nombre es Hip\u00f3lito de Este, hijo de Lucrecia Borgia, que no tiene una excelente reputaci\u00f3n con el papado. Sin embargo, acaba de ser nombrado cardenal y gobernador de T\u00edvoli y no le gusta la villa que le han asignado. Sue\u00f1a con algo m\u00e1s grande, m\u00e1s vasto, m\u00e1s suntuoso.&nbsp;El agua&nbsp;est\u00e1 exultante. Est\u00e1 segura de haber encontrado al afortunado. \u00bfFue ella quien le sugiri\u00f3 en el fondo de su mente que comprara el convento benedictino y lo convirtiera en un palacio? \u00bfY por qu\u00e9 no?&nbsp;&nbsp;En cualquier caso, Hip\u00f3lito recibi\u00f3 sin duda un mensaje porque decidi\u00f3, desde el principio, dedicar sus futuros jardines al elemento acu\u00e1tico, y esto, sin ninguna econom\u00eda de medios.&nbsp;<\/p>\n\n\n\n<div class=\"wp-block-media-text alignwide is-stacked-on-mobile\"><figure class=\"wp-block-media-text__media\"><img decoding=\"async\" loading=\"lazy\" width=\"736\" height=\"987\" src=\"https:\/\/histambar.com\/wp-content\/uploads\/2021\/04\/Vue-densemble-rapprochee.jpg\" alt=\"\" class=\"wp-image-1681 size-full\" srcset=\"https:\/\/histambar.com\/wp-content\/uploads\/2021\/04\/Vue-densemble-rapprochee.jpg 736w, https:\/\/histambar.com\/wp-content\/uploads\/2021\/04\/Vue-densemble-rapprochee-224x300.jpg 224w\" sizes=\"(max-width: 736px) 100vw, 736px\" \/><\/figure><div class=\"wp-block-media-text__content\">\n<p class=\"has-large-font-size\"><em>\u00ab&nbsp;El agua habla sin cesar y nunca se repite&nbsp;\u00bb<\/em><\/p>\n\n\n\n<p>Octavio Paz<\/p>\n<\/div><\/div>\n\n\n\n<p>Los viveros y la fuente del \u00f3rgano<\/p>\n\n\n\n<p class=\"has-medium-font-size\">Inmediatamente, los ingenieros y arquitectos redise\u00f1aron por completo el emplazamiento. Se remodel\u00f3 el valle y -perd\u00f3n- se desviaron tres r\u00edos (el Aniene, el Albueno y el Erculaneo) para llevar el agua a las futuras fuentes del futuro jard\u00edn&#8230; \u00a1Para transportarla hubo que construir un acueducto, un paso subterr\u00e1neo y un canal de m\u00e1s de 600 metros! \u00bfNo me digas que todav\u00eda no crees que fue la obra de arte la que puso la mira en su creador?<\/p>\n\n\n\n<figure class=\"wp-block-image is-style-rounded\"><img decoding=\"async\" loading=\"lazy\" width=\"1024\" height=\"768\" src=\"https:\/\/histambar.com\/wp-content\/uploads\/2021\/04\/Grade-fontaine-1024x768.jpg\" alt=\"\" class=\"wp-image-1705\" srcset=\"https:\/\/histambar.com\/wp-content\/uploads\/2021\/04\/Grade-fontaine-1024x768.jpg 1024w, https:\/\/histambar.com\/wp-content\/uploads\/2021\/04\/Grade-fontaine-300x225.jpg 300w, https:\/\/histambar.com\/wp-content\/uploads\/2021\/04\/Grade-fontaine-768x576.jpg 768w, https:\/\/histambar.com\/wp-content\/uploads\/2021\/04\/Grade-fontaine-1080x810.jpg 1080w, https:\/\/histambar.com\/wp-content\/uploads\/2021\/04\/Grade-fontaine.jpg 1250w\" sizes=\"(max-width: 1024px) 100vw, 1024px\" \/><figcaption class=\"wp-element-caption\">Fuente del \u00d3valo, dise\u00f1ada por Pirro Ligorio. Villa d\u2019Este<\/figcaption><\/figure>\n\n\n\n<p class=\"has-medium-font-size\">Cuando toda esta colosal obra se complet\u00f3, el trazado del jard\u00edn comenz\u00f3 a aparecer y es obvio que todo all\u00ed est\u00e1 al servicio del agua. Las perspectivas escalonadas, las escaleras, los rellanos sucesivos, los lechos, las grutas, las medianas, los pisos y los desniveles. Todo, absolutamente todo, est\u00e1 dise\u00f1ado para que el agua se exprese en todas sus manifestaciones. Y eso es exactamente lo que hace.&nbsp;<\/p>\n\n\n\n<figure class=\"wp-block-image is-style-rounded\"><img decoding=\"async\" loading=\"lazy\" width=\"768\" height=\"1024\" src=\"https:\/\/histambar.com\/wp-content\/uploads\/2021\/04\/Jets-deau-principaux-768x1024.jpg\" alt=\"\" class=\"wp-image-1689\" srcset=\"https:\/\/histambar.com\/wp-content\/uploads\/2021\/04\/Jets-deau-principaux-768x1024.jpg 768w, https:\/\/histambar.com\/wp-content\/uploads\/2021\/04\/Jets-deau-principaux-225x300.jpg 225w, https:\/\/histambar.com\/wp-content\/uploads\/2021\/04\/Jets-deau-principaux-1152x1536.jpg 1152w, https:\/\/histambar.com\/wp-content\/uploads\/2021\/04\/Jets-deau-principaux-1080x1440.jpg 1080w, https:\/\/histambar.com\/wp-content\/uploads\/2021\/04\/Jets-deau-principaux.jpg 1250w\" sizes=\"(max-width: 768px) 100vw, 768px\" \/><figcaption class=\"wp-element-caption\">Fuente del organo. Villa del Este<\/figcaption><\/figure>\n\n\n\n<p class=\"has-medium-font-size\">&nbsp;En&nbsp;la&nbsp;Villa d&#8217;Este, habla, baila y canta a su antojo y como nunca la ha visto ni o\u00eddo. Gotea, serpentea y&nbsp;chorrea. Brota y cae en gotas, redes, g\u00e9iseres, ramos o cortinas en fuentes y cuevas. Susurra, cacarea, salpica, chorrea, gorjea y ruge. Es Diva, divina o discreta. Sorprende, se ramifica, se re\u00fane y se extiende. Juega tanto como se pavonea. Incluso vocaliza en el \u00f3rgano hidr\u00e1ulico que la hace cantar. Y, la&nbsp;guinda del pastel, coquetea permanentemente con la luz que la ilumina y la colorea seg\u00fan el sol y el viento.&nbsp;<\/p>\n\n\n\n<div class=\"wp-block-media-text alignwide has-media-on-the-right is-stacked-on-mobile\"><div class=\"wp-block-media-text__content\">\n<p class=\"has-large-font-size\"><em>\u00ab&nbsp;La vida es el agua bailando sobre la melod\u00eda de los s\u00f3lidos&nbsp;\u00bb<\/em><\/p>\n\n\n\n<p>Albert Szent-Gy\u00f6rgyi<\/p>\n<\/div><figure class=\"wp-block-media-text__media\"><img decoding=\"async\" loading=\"lazy\" width=\"768\" height=\"1024\" src=\"https:\/\/histambar.com\/wp-content\/uploads\/2021\/04\/Allee-aux-gargouilles-768x1024.jpg\" alt=\"\" class=\"wp-image-1685 size-full\" srcset=\"https:\/\/histambar.com\/wp-content\/uploads\/2021\/04\/Allee-aux-gargouilles-768x1025.jpg 768w, https:\/\/histambar.com\/wp-content\/uploads\/2021\/04\/Allee-aux-gargouilles-225x300.jpg 225w, https:\/\/histambar.com\/wp-content\/uploads\/2021\/04\/Allee-aux-gargouilles.jpg 1000w\" sizes=\"(max-width: 768px) 100vw, 768px\" \/><\/figure><\/div>\n\n\n\n<blockquote class=\"wp-block-quote\">\n<p><\/p>\n<\/blockquote>\n\n\n\n<p class=\"has-medium-font-size\">Nunca antes el agua hab\u00eda tenido la oportunidad de ser tan admirada. El jard\u00edn est\u00e1 a su servicio y no al rev\u00e9s. Ella es la verdadera due\u00f1a y se\u00f1ora del lugar. Se ha hablado de un jard\u00edn de las maravillas, que une los jardines cl\u00e1sicos del Renacimiento con los del Barroco: un jard\u00edn manierista en el que empiezan a aparecer figuras grotescas, como este muro con decenas de fuentes.&nbsp;<\/p>\n\n\n\n<div class=\"wp-block-media-text alignwide is-stacked-on-mobile\"><figure class=\"wp-block-media-text__media\"><img decoding=\"async\" loading=\"lazy\" width=\"768\" height=\"1024\" src=\"https:\/\/histambar.com\/wp-content\/uploads\/2021\/04\/Gargouille-2-768x1024.jpg\" alt=\"\" class=\"wp-image-1695 size-full\" srcset=\"https:\/\/histambar.com\/wp-content\/uploads\/2021\/04\/Gargouille-2-768x1024.jpg 768w, https:\/\/histambar.com\/wp-content\/uploads\/2021\/04\/Gargouille-2-225x300.jpg 225w, https:\/\/histambar.com\/wp-content\/uploads\/2021\/04\/Gargouille-2.jpg 1000w\" sizes=\"(max-width: 768px) 100vw, 768px\" \/><\/figure><div class=\"wp-block-media-text__content\">\n<figure class=\"wp-block-pullquote\"><blockquote><p><em>Hubo un \u00abantes\u00bb de Tivoli y un \u00abdespu\u00e9s\u00bb, porque este lugar marc\u00f3 definitivamente un punto de inflexi\u00f3n en el arte de los jardines.<\/em><\/p><\/blockquote><\/figure>\n<\/div><\/div>\n\n\n\n<figure class=\"wp-block-gallery has-nested-images columns-default is-cropped wp-block-gallery-3 is-layout-flex\">\n<figure class=\"wp-block-image size-large\"><img decoding=\"async\" loading=\"lazy\" width=\"768\" height=\"1024\" data-id=\"1700\"  src=\"https:\/\/histambar.com\/wp-content\/uploads\/2021\/04\/Femmes-aux-2-seins-768x1024.jpg\" alt=\"\" class=\"wp-image-1700\" srcset=\"https:\/\/histambar.com\/wp-content\/uploads\/2021\/04\/Femmes-aux-2-seins-768x1025.jpg 768w, https:\/\/histambar.com\/wp-content\/uploads\/2021\/04\/Femmes-aux-2-seins-225x300.jpg 225w, https:\/\/histambar.com\/wp-content\/uploads\/2021\/04\/Femmes-aux-2-seins.jpg 1000w\" sizes=\"(max-width: 768px) 100vw, 768px\" \/><figcaption class=\"wp-element-caption\">Camino de las cien fuentes<\/figcaption><\/figure>\n\n\n\n<figure class=\"wp-block-image size-large\"><img decoding=\"async\" loading=\"lazy\" width=\"768\" height=\"1024\" data-id=\"1703\"  src=\"https:\/\/histambar.com\/wp-content\/uploads\/2021\/04\/Femmes-aux-multiples-seins-768x1024.jpg\" alt=\"\" class=\"wp-image-1703\" srcset=\"https:\/\/histambar.com\/wp-content\/uploads\/2021\/04\/Femmes-aux-multiples-seins-768x1025.jpg 768w, https:\/\/histambar.com\/wp-content\/uploads\/2021\/04\/Femmes-aux-multiples-seins-225x300.jpg 225w, https:\/\/histambar.com\/wp-content\/uploads\/2021\/04\/Femmes-aux-multiples-seins.jpg 1000w\" sizes=\"(max-width: 768px) 100vw, 768px\" \/><figcaption class=\"wp-element-caption\">Fuente de Diana d&#8217;Eph\u00e8se<\/figcaption><\/figure>\n<\/figure>\n\n\n\n<p class=\"has-medium-font-size\">La Villa d&#8217;Este es una proeza arquitect\u00f3nica, art\u00edstica y tecnol\u00f3gica, sin duda. Para m\u00ed, es una obra de arte que se les ha escapado a sus creadores (porque varios cardenales se han sucedido para completarla). Pero el \u00fanico que realmente supo transmitir su esencia fue Franz Liszt.&nbsp;&nbsp;Escuchando los&nbsp;\u00ab&nbsp;Juegos de agua en la Villa del Este&nbsp;\u00bb, uno descubre lo que seguramente&nbsp;el agua&nbsp;susurr\u00f3 al o\u00eddo de Hippolyte para convencerle de que le dedicara este maravilloso reino.<\/p>\n\n\n\n<p class=\"has-vivid-red-color has-text-color\"><\/p>\n\n\n\n<figure class=\"wp-block-embed is-type-video is-provider-youtube wp-block-embed-youtube wp-embed-aspect-16-9 wp-has-aspect-ratio\"><div class=\"wp-block-embed__wrapper\">\n<iframe loading=\"lazy\" title=\"Villa d&#039;Este fountains\" width=\"1080\" height=\"608\" src=\"https:\/\/www.youtube.com\/embed\/0oFGwO7ip-4?feature=oembed\" frameborder=\"0\" allow=\"accelerometer; autoplay; clipboard-write; encrypted-media; gyroscope; picture-in-picture\" allowfullscreen><\/iframe>\n<\/div><figcaption class=\"wp-element-caption\">Juegos de agua en la Villa del Este. Frans Liszt<\/figcaption><\/figure>\n\n\n\n<p>Texto de Claudia  Gillet-Meyer y fotos de R\u00e9gis Meyer.<\/p>\n\n\n\n<p class=\"has-vivid-red-color has-text-color has-medium-font-size\"><strong>MAS INFORMACIONES:<\/strong><\/p>\n\n\n\n<p class=\"has-medium-font-size\">La Villa d&#8217;Este esta on la lista del patrimonio mundial de la UNESCO:<\/p>\n\n\n\n<p class=\"has-medium-font-size\"><a href=\"https:\/\/whc.unesco.org\/es\/list\/1025\">https:\/\/whc.unesco.org\/es\/list\/1025<\/a><\/p>\n\n\n\n<p class=\"has-medium-font-size\">Itinerario Europeo de los jardines hist\u00f3ricos:<\/p>\n\n\n\n<p style=\"font-size:22px\"><a href=\"https:\/\/europeanhistoricgardens.eu\/portfolio-item\/villa-deste\">https:\/\/europeanhistoricgardens.eu\/portfolio-item\/villa-deste<\/a><\/p>\n","protected":false},"excerpt":{"rendered":"<p>\u00bfPodr\u00eda decirse que, en nuestro vasto mundo, la obra de arte ha elegido a veces a su creador y no al rev\u00e9s? Dada la pugnacidad con la que han nacido y existen algunas obras, la afirmaci\u00f3n anterior es posible. En cualquier caso, en mi opini\u00f3n, esto es lo que debi\u00f3 ocurrir en T\u00edvoli, cerca de Roma, a finales del Renacimiento.&nbsp; Italia estaba en el apogeo del Arte y me gusta pensar que, en esta efervescencia creativa, el&nbsp;Agua, este elemento \u00fanico, precioso y vital, pero tan trivializado por el hombre, se dijo a s\u00ed mismo que ya era hora de que la humanidad tomara conciencia de la amplitud de sus posibilidades. A partir de esta observaci\u00f3n, con&nbsp;la que&nbsp;yo reclamo&nbsp;totalmente, imaginemos lo que ocurre a continuaci\u00f3n.&nbsp; El (Agua) decide convertirse en la hero\u00edna de una obra de arte que la engrandece y venera. Entonces empieza a buscar a la persona adecuada para realizar su ambicioso sue\u00f1o. La elecci\u00f3n recae en un cardenal que tambi\u00e9n tiene una ambici\u00f3n, convertirse en Papa. El agua es astuta. Comprendi\u00f3 que la determinaci\u00f3n de este hombre servir\u00eda a sus prop\u00f3sitos. Presentemos al hombre. Su nombre es Hip\u00f3lito de Este, hijo de Lucrecia Borgia, que no tiene una [&hellip;]<\/p>\n","protected":false},"author":1,"featured_media":1671,"comment_status":"closed","ping_status":"closed","sticky":false,"template":"","format":"standard","meta":{"_monsterinsights_skip_tracking":false,"_monsterinsights_sitenote_active":false,"_monsterinsights_sitenote_note":"","_monsterinsights_sitenote_category":0},"categories":[30],"tags":[365,361,363,105,207,359,360,364,366,362],"_links":{"self":[{"href":"https:\/\/histambar.com\/es\/wp-json\/wp\/v2\/posts\/1713"}],"collection":[{"href":"https:\/\/histambar.com\/es\/wp-json\/wp\/v2\/posts"}],"about":[{"href":"https:\/\/histambar.com\/es\/wp-json\/wp\/v2\/types\/post"}],"author":[{"embeddable":true,"href":"https:\/\/histambar.com\/es\/wp-json\/wp\/v2\/users\/1"}],"replies":[{"embeddable":true,"href":"https:\/\/histambar.com\/es\/wp-json\/wp\/v2\/comments?post=1713"}],"version-history":[{"count":11,"href":"https:\/\/histambar.com\/es\/wp-json\/wp\/v2\/posts\/1713\/revisions"}],"predecessor-version":[{"id":4405,"href":"https:\/\/histambar.com\/es\/wp-json\/wp\/v2\/posts\/1713\/revisions\/4405"}],"wp:featuredmedia":[{"embeddable":true,"href":"https:\/\/histambar.com\/es\/wp-json\/wp\/v2\/media\/1671"}],"wp:attachment":[{"href":"https:\/\/histambar.com\/es\/wp-json\/wp\/v2\/media?parent=1713"}],"wp:term":[{"taxonomy":"category","embeddable":true,"href":"https:\/\/histambar.com\/es\/wp-json\/wp\/v2\/categories?post=1713"},{"taxonomy":"post_tag","embeddable":true,"href":"https:\/\/histambar.com\/es\/wp-json\/wp\/v2\/tags?post=1713"}],"curies":[{"name":"wp","href":"https:\/\/api.w.org\/{rel}","templated":true}]}}